{"id":2056,"date":"2019-08-07T11:21:27","date_gmt":"2019-08-07T11:21:27","guid":{"rendered":"https:\/\/hotelklettur.is\/?p=2056"},"modified":"2019-11-27T10:54:48","modified_gmt":"2019-11-27T10:54:48","slug":"reykjavik-pride-2019","status":"publish","type":"post","link":"https:\/\/hotelklettur.is\/en\/reykjavik-pride-2019\/","title":{"rendered":"Reykjav\u00edk Pride 2019"},"content":{"rendered":"\n<h4 class=\"wp-block-heading\">Reykjav\u00edk Pride takes place 8 &#8211; 17 August<\/h4>\n\n\n<p><!--more--><\/p>\n\n\n<pre class=\"wp-block-preformatted\"><gwmw style=\"display:none;\"><gwmw style=\"display:none;\"><\/pre>\n\n\n\n<p>One of the biggest events in Iceland is about to kick off with a long program of cultural events. The next couple of days Reykjav\u00edk will be full of happiness, colours, glitter while celebrating Reykjav\u00edk Pride for the 20th time. Reykjav\u00edk Pride is one of the most vibrant and popular events on Reykjav\u00edk\u2019s cultural calendar. So, if you\u2019re in town \u2013 you should definitely go and check it out! <br>Some of the events are free of charge to attend while others are accessible for purchase. <\/p>\n\n\n\n<h4 class=\"wp-block-heading\">Parade Route &#8211; August 17th <\/h4>\n\n\n\n<p>This year the parade will depart&nbsp;from the Hallgr\u00edmskirkja church at 2 pm sharp ending up with an outdoor concert at Hlj\u00f3msk\u00e1lagar\u00f0urinn.  <\/p>\n\n\n\n<p>For further information, visi<a rel=\"noreferrer noopener\" aria-label=\"t www.reykjavikpride.is (opens in a new tab)\" href=\"http:\/\/www.reykjavikpride.is\" target=\"_blank\">t www.reykjavikpride.is<\/a><\/p>\n\n\n\n<p><em>Photo:  (c) J\u00f3n Kjartan \u00c1g\u00fastsson \/ Hinsegin dagar<\/em><\/p>\n","protected":false},"excerpt":{"rendered":"<p>Reykjav\u00edk Pride takes place 8 &#8211; 17 August<\/p>\n","protected":false},"author":3,"featured_media":2051,"comment_status":"closed","ping_status":"closed","sticky":false,"template":"","format":"standard","meta":{"_acf_changed":false,"_jetpack_memberships_contains_paid_content":false,"footnotes":""},"categories":[17],"tags":[],"class_list":["post-2056","post","type-post","status-publish","format-standard","has-post-thumbnail","hentry","category-news","gallery-content-unit"],"acf":[],"yoast_head":"<!-- This site is optimized with the Yoast SEO plugin v26.9 - https:\/\/yoast.com\/product\/yoast-seo-wordpress\/ -->\n<title>Reykjav\u00edk Pride 2019 - H\u00f3tel Klettur<\/title>\n<meta name=\"robots\" content=\"index, follow, max-snippet:-1, max-image-preview:large, max-video-preview:-1\" \/>\n<link rel=\"canonical\" href=\"https:\/\/hotelklettur.is\/en\/reykjavik-pride-2019\/\" \/>\n<meta property=\"og:locale\" content=\"en_US\" \/>\n<meta property=\"og:type\" content=\"article\" \/>\n<meta property=\"og:title\" content=\"Reykjav\u00edk Pride 2019 - H\u00f3tel Klettur\" \/>\n<meta property=\"og:description\" content=\"Reykjav\u00edk Pride takes place 8 &#8211; 17 August\" \/>\n<meta property=\"og:url\" content=\"https:\/\/hotelklettur.is\/en\/reykjavik-pride-2019\/\" \/>\n<meta property=\"og:site_name\" content=\"H\u00f3tel Klettur\" \/>\n<meta property=\"article:publisher\" content=\"https:\/\/www.facebook.com\/hotelcabin\" \/>\n<meta property=\"article:published_time\" content=\"2019-08-07T11:21:27+00:00\" \/>\n<meta property=\"article:modified_time\" content=\"2019-11-27T10:54:48+00:00\" \/>\n<meta property=\"og:image\" content=\"https:\/\/hotelklettur.is\/wp-content\/uploads\/2019\/08\/c-J\u00f3n-Kjartan-\u00c1g\u00fastsson-Hinsegin-dagar.jpg\" \/>\n\t<meta property=\"og:image:width\" content=\"1024\" \/>\n\t<meta property=\"og:image:height\" content=\"683\" \/>\n\t<meta property=\"og:image:type\" content=\"image\/jpeg\" \/>\n<meta name=\"author\" content=\"\u00cdda M. Sm\u00e1rad\u00f3ttir\" \/>\n<meta name=\"twitter:label1\" content=\"Written by\" \/>\n\t<meta name=\"twitter:data1\" content=\"\u00cdda M. Sm\u00e1rad\u00f3ttir\" \/>\n\t<meta name=\"twitter:label2\" content=\"Est. reading time\" \/>\n\t<meta name=\"twitter:data2\" content=\"1 minute\" \/>\n<script type=\"application\/ld+json\" class=\"yoast-schema-graph\">{\"@context\":\"https:\/\/schema.org\",\"@graph\":[{\"@type\":\"Article\",\"@id\":\"https:\/\/hotelklettur.is\/en\/reykjavik-pride-2019\/#article\",\"isPartOf\":{\"@id\":\"https:\/\/hotelklettur.is\/en\/reykjavik-pride-2019\/\"},\"author\":{\"name\":\"\u00cdda M. Sm\u00e1rad\u00f3ttir\",\"@id\":\"https:\/\/hotelklettur.is\/en\/#\/schema\/person\/c543d93a94c3edff6c70f7b1f072f23a\"},\"headline\":\"Reykjav\u00edk Pride 2019\",\"datePublished\":\"2019-08-07T11:21:27+00:00\",\"dateModified\":\"2019-11-27T10:54:48+00:00\",\"mainEntityOfPage\":{\"@id\":\"https:\/\/hotelklettur.is\/en\/reykjavik-pride-2019\/\"},\"wordCount\":147,\"publisher\":{\"@id\":\"https:\/\/hotelklettur.is\/en\/#organization\"},\"image\":{\"@id\":\"https:\/\/hotelklettur.is\/en\/reykjavik-pride-2019\/#primaryimage\"},\"thumbnailUrl\":\"https:\/\/i0.wp.com\/hotelklettur.is\/wp-content\/uploads\/2019\/08\/c-J%C3%B3n-Kjartan-%C3%81g%C3%BAstsson-Hinsegin-dagar.jpg?fit=1024%2C683&ssl=1\",\"articleSection\":[\"News\"],\"inLanguage\":\"en-US\"},{\"@type\":\"WebPage\",\"@id\":\"https:\/\/hotelklettur.is\/en\/reykjavik-pride-2019\/\",\"url\":\"https:\/\/hotelklettur.is\/en\/reykjavik-pride-2019\/\",\"name\":\"Reykjav\u00edk Pride 2019 - H\u00f3tel Klettur\",\"isPartOf\":{\"@id\":\"https:\/\/hotelklettur.is\/en\/#website\"},\"primaryImageOfPage\":{\"@id\":\"https:\/\/hotelklettur.is\/en\/reykjavik-pride-2019\/#primaryimage\"},\"image\":{\"@id\":\"https:\/\/hotelklettur.is\/en\/reykjavik-pride-2019\/#primaryimage\"},\"thumbnailUrl\":\"https:\/\/i0.wp.com\/hotelklettur.is\/wp-content\/uploads\/2019\/08\/c-J%C3%B3n-Kjartan-%C3%81g%C3%BAstsson-Hinsegin-dagar.jpg?fit=1024%2C683&ssl=1\",\"datePublished\":\"2019-08-07T11:21:27+00:00\",\"dateModified\":\"2019-11-27T10:54:48+00:00\",\"breadcrumb\":{\"@id\":\"https:\/\/hotelklettur.is\/en\/reykjavik-pride-2019\/#breadcrumb\"},\"inLanguage\":\"en-US\",\"potentialAction\":[{\"@type\":\"ReadAction\",\"target\":[\"https:\/\/hotelklettur.is\/en\/reykjavik-pride-2019\/\"]}]},{\"@type\":\"ImageObject\",\"inLanguage\":\"en-US\",\"@id\":\"https:\/\/hotelklettur.is\/en\/reykjavik-pride-2019\/#primaryimage\",\"url\":\"https:\/\/i0.wp.com\/hotelklettur.is\/wp-content\/uploads\/2019\/08\/c-J%C3%B3n-Kjartan-%C3%81g%C3%BAstsson-Hinsegin-dagar.jpg?fit=1024%2C683&ssl=1\",\"contentUrl\":\"https:\/\/i0.wp.com\/hotelklettur.is\/wp-content\/uploads\/2019\/08\/c-J%C3%B3n-Kjartan-%C3%81g%C3%BAstsson-Hinsegin-dagar.jpg?fit=1024%2C683&ssl=1\",\"width\":1024,\"height\":683},{\"@type\":\"BreadcrumbList\",\"@id\":\"https:\/\/hotelklettur.is\/en\/reykjavik-pride-2019\/#breadcrumb\",\"itemListElement\":[{\"@type\":\"ListItem\",\"position\":1,\"name\":\"Home\",\"item\":\"https:\/\/hotelklettur.is\/en\/\"},{\"@type\":\"ListItem\",\"position\":2,\"name\":\"Reykjav\u00edk Pride 2019\"}]},{\"@type\":\"WebSite\",\"@id\":\"https:\/\/hotelklettur.is\/en\/#website\",\"url\":\"https:\/\/hotelklettur.is\/en\/\",\"name\":\"H\u00f3tel Klettur\",\"description\":\"offers comfortable and spacious rooms close to the city centre.\",\"publisher\":{\"@id\":\"https:\/\/hotelklettur.is\/en\/#organization\"},\"potentialAction\":[{\"@type\":\"SearchAction\",\"target\":{\"@type\":\"EntryPoint\",\"urlTemplate\":\"https:\/\/hotelklettur.is\/en\/?s={search_term_string}\"},\"query-input\":{\"@type\":\"PropertyValueSpecification\",\"valueRequired\":true,\"valueName\":\"search_term_string\"}}],\"inLanguage\":\"en-US\"},{\"@type\":\"Organization\",\"@id\":\"https:\/\/hotelklettur.is\/en\/#organization\",\"name\":\"H\u00f3tel Klettur\",\"url\":\"https:\/\/hotelklettur.is\/en\/\",\"logo\":{\"@type\":\"ImageObject\",\"inLanguage\":\"en-US\",\"@id\":\"https:\/\/hotelklettur.is\/en\/#\/schema\/logo\/image\/\",\"url\":\"https:\/\/i2.wp.com\/hotelklettur.is\/wp-content\/uploads\/2019\/04\/klettur-schema-logo.png?fit=978%2C284&ssl=1\",\"contentUrl\":\"https:\/\/i2.wp.com\/hotelklettur.is\/wp-content\/uploads\/2019\/04\/klettur-schema-logo.png?fit=978%2C284&ssl=1\",\"width\":978,\"height\":284,\"caption\":\"H\u00f3tel Klettur\"},\"image\":{\"@id\":\"https:\/\/hotelklettur.is\/en\/#\/schema\/logo\/image\/\"},\"sameAs\":[\"https:\/\/www.facebook.com\/hotelcabin\",\"https:\/\/www.instagram.com\/hotelcabin_reykjavik\/\"]},{\"@type\":\"Person\",\"@id\":\"https:\/\/hotelklettur.is\/en\/#\/schema\/person\/c543d93a94c3edff6c70f7b1f072f23a\",\"name\":\"\u00cdda M. Sm\u00e1rad\u00f3ttir\",\"image\":{\"@type\":\"ImageObject\",\"inLanguage\":\"en-US\",\"@id\":\"https:\/\/hotelklettur.is\/en\/#\/schema\/person\/image\/\",\"url\":\"https:\/\/secure.gravatar.com\/avatar\/9abf3c9a2b65979e054dab8b73f7019832aff7843d14d8c773084b9928b6837b?s=96&d=mm&r=g\",\"contentUrl\":\"https:\/\/secure.gravatar.com\/avatar\/9abf3c9a2b65979e054dab8b73f7019832aff7843d14d8c773084b9928b6837b?s=96&d=mm&r=g\",\"caption\":\"\u00cdda M. Sm\u00e1rad\u00f3ttir\"},\"url\":\"https:\/\/hotelklettur.is\/en\/author\/idamsmara\/\"}]}<\/script>\n<!-- \/ Yoast SEO plugin. -->","yoast_head_json":{"title":"Reykjav\u00edk Pride 2019 - H\u00f3tel Klettur","robots":{"index":"index","follow":"follow","max-snippet":"max-snippet:-1","max-image-preview":"max-image-preview:large","max-video-preview":"max-video-preview:-1"},"canonical":"https:\/\/hotelklettur.is\/en\/reykjavik-pride-2019\/","og_locale":"en_US","og_type":"article","og_title":"Reykjav\u00edk Pride 2019 - H\u00f3tel Klettur","og_description":"Reykjav\u00edk Pride takes place 8 &#8211; 17 August","og_url":"https:\/\/hotelklettur.is\/en\/reykjavik-pride-2019\/","og_site_name":"H\u00f3tel Klettur","article_publisher":"https:\/\/www.facebook.com\/hotelcabin","article_published_time":"2019-08-07T11:21:27+00:00","article_modified_time":"2019-11-27T10:54:48+00:00","og_image":[{"width":1024,"height":683,"url":"https:\/\/hotelklettur.is\/wp-content\/uploads\/2019\/08\/c-J\u00f3n-Kjartan-\u00c1g\u00fastsson-Hinsegin-dagar.jpg","type":"image\/jpeg"}],"author":"\u00cdda M. Sm\u00e1rad\u00f3ttir","twitter_misc":{"Written by":"\u00cdda M. Sm\u00e1rad\u00f3ttir","Est. reading time":"1 minute"},"schema":{"@context":"https:\/\/schema.org","@graph":[{"@type":"Article","@id":"https:\/\/hotelklettur.is\/en\/reykjavik-pride-2019\/#article","isPartOf":{"@id":"https:\/\/hotelklettur.is\/en\/reykjavik-pride-2019\/"},"author":{"name":"\u00cdda M. Sm\u00e1rad\u00f3ttir","@id":"https:\/\/hotelklettur.is\/en\/#\/schema\/person\/c543d93a94c3edff6c70f7b1f072f23a"},"headline":"Reykjav\u00edk Pride 2019","datePublished":"2019-08-07T11:21:27+00:00","dateModified":"2019-11-27T10:54:48+00:00","mainEntityOfPage":{"@id":"https:\/\/hotelklettur.is\/en\/reykjavik-pride-2019\/"},"wordCount":147,"publisher":{"@id":"https:\/\/hotelklettur.is\/en\/#organization"},"image":{"@id":"https:\/\/hotelklettur.is\/en\/reykjavik-pride-2019\/#primaryimage"},"thumbnailUrl":"https:\/\/i0.wp.com\/hotelklettur.is\/wp-content\/uploads\/2019\/08\/c-J%C3%B3n-Kjartan-%C3%81g%C3%BAstsson-Hinsegin-dagar.jpg?fit=1024%2C683&ssl=1","articleSection":["News"],"inLanguage":"en-US"},{"@type":"WebPage","@id":"https:\/\/hotelklettur.is\/en\/reykjavik-pride-2019\/","url":"https:\/\/hotelklettur.is\/en\/reykjavik-pride-2019\/","name":"Reykjav\u00edk Pride 2019 - H\u00f3tel Klettur","isPartOf":{"@id":"https:\/\/hotelklettur.is\/en\/#website"},"primaryImageOfPage":{"@id":"https:\/\/hotelklettur.is\/en\/reykjavik-pride-2019\/#primaryimage"},"image":{"@id":"https:\/\/hotelklettur.is\/en\/reykjavik-pride-2019\/#primaryimage"},"thumbnailUrl":"https:\/\/i0.wp.com\/hotelklettur.is\/wp-content\/uploads\/2019\/08\/c-J%C3%B3n-Kjartan-%C3%81g%C3%BAstsson-Hinsegin-dagar.jpg?fit=1024%2C683&ssl=1","datePublished":"2019-08-07T11:21:27+00:00","dateModified":"2019-11-27T10:54:48+00:00","breadcrumb":{"@id":"https:\/\/hotelklettur.is\/en\/reykjavik-pride-2019\/#breadcrumb"},"inLanguage":"en-US","potentialAction":[{"@type":"ReadAction","target":["https:\/\/hotelklettur.is\/en\/reykjavik-pride-2019\/"]}]},{"@type":"ImageObject","inLanguage":"en-US","@id":"https:\/\/hotelklettur.is\/en\/reykjavik-pride-2019\/#primaryimage","url":"https:\/\/i0.wp.com\/hotelklettur.is\/wp-content\/uploads\/2019\/08\/c-J%C3%B3n-Kjartan-%C3%81g%C3%BAstsson-Hinsegin-dagar.jpg?fit=1024%2C683&ssl=1","contentUrl":"https:\/\/i0.wp.com\/hotelklettur.is\/wp-content\/uploads\/2019\/08\/c-J%C3%B3n-Kjartan-%C3%81g%C3%BAstsson-Hinsegin-dagar.jpg?fit=1024%2C683&ssl=1","width":1024,"height":683},{"@type":"BreadcrumbList","@id":"https:\/\/hotelklettur.is\/en\/reykjavik-pride-2019\/#breadcrumb","itemListElement":[{"@type":"ListItem","position":1,"name":"Home","item":"https:\/\/hotelklettur.is\/en\/"},{"@type":"ListItem","position":2,"name":"Reykjav\u00edk Pride 2019"}]},{"@type":"WebSite","@id":"https:\/\/hotelklettur.is\/en\/#website","url":"https:\/\/hotelklettur.is\/en\/","name":"H\u00f3tel Klettur","description":"offers comfortable and spacious rooms close to the city centre.","publisher":{"@id":"https:\/\/hotelklettur.is\/en\/#organization"},"potentialAction":[{"@type":"SearchAction","target":{"@type":"EntryPoint","urlTemplate":"https:\/\/hotelklettur.is\/en\/?s={search_term_string}"},"query-input":{"@type":"PropertyValueSpecification","valueRequired":true,"valueName":"search_term_string"}}],"inLanguage":"en-US"},{"@type":"Organization","@id":"https:\/\/hotelklettur.is\/en\/#organization","name":"H\u00f3tel Klettur","url":"https:\/\/hotelklettur.is\/en\/","logo":{"@type":"ImageObject","inLanguage":"en-US","@id":"https:\/\/hotelklettur.is\/en\/#\/schema\/logo\/image\/","url":"https:\/\/i2.wp.com\/hotelklettur.is\/wp-content\/uploads\/2019\/04\/klettur-schema-logo.png?fit=978%2C284&ssl=1","contentUrl":"https:\/\/i2.wp.com\/hotelklettur.is\/wp-content\/uploads\/2019\/04\/klettur-schema-logo.png?fit=978%2C284&ssl=1","width":978,"height":284,"caption":"H\u00f3tel Klettur"},"image":{"@id":"https:\/\/hotelklettur.is\/en\/#\/schema\/logo\/image\/"},"sameAs":["https:\/\/www.facebook.com\/hotelcabin","https:\/\/www.instagram.com\/hotelcabin_reykjavik\/"]},{"@type":"Person","@id":"https:\/\/hotelklettur.is\/en\/#\/schema\/person\/c543d93a94c3edff6c70f7b1f072f23a","name":"\u00cdda M. Sm\u00e1rad\u00f3ttir","image":{"@type":"ImageObject","inLanguage":"en-US","@id":"https:\/\/hotelklettur.is\/en\/#\/schema\/person\/image\/","url":"https:\/\/secure.gravatar.com\/avatar\/9abf3c9a2b65979e054dab8b73f7019832aff7843d14d8c773084b9928b6837b?s=96&d=mm&r=g","contentUrl":"https:\/\/secure.gravatar.com\/avatar\/9abf3c9a2b65979e054dab8b73f7019832aff7843d14d8c773084b9928b6837b?s=96&d=mm&r=g","caption":"\u00cdda M. Sm\u00e1rad\u00f3ttir"},"url":"https:\/\/hotelklettur.is\/en\/author\/idamsmara\/"}]}},"jetpack_featured_media_url":"https:\/\/i0.wp.com\/hotelklettur.is\/wp-content\/uploads\/2019\/08\/c-J%C3%B3n-Kjartan-%C3%81g%C3%BAstsson-Hinsegin-dagar.jpg?fit=1024%2C683&ssl=1","jetpack_shortlink":"https:\/\/wp.me\/p59EW1-xa","jetpack_sharing_enabled":true,"_links":{"self":[{"href":"https:\/\/hotelklettur.is\/en\/wp-json\/wp\/v2\/posts\/2056","targetHints":{"allow":["GET"]}}],"collection":[{"href":"https:\/\/hotelklettur.is\/en\/wp-json\/wp\/v2\/posts"}],"about":[{"href":"https:\/\/hotelklettur.is\/en\/wp-json\/wp\/v2\/types\/post"}],"author":[{"embeddable":true,"href":"https:\/\/hotelklettur.is\/en\/wp-json\/wp\/v2\/users\/3"}],"replies":[{"embeddable":true,"href":"https:\/\/hotelklettur.is\/en\/wp-json\/wp\/v2\/comments?post=2056"}],"version-history":[{"count":5,"href":"https:\/\/hotelklettur.is\/en\/wp-json\/wp\/v2\/posts\/2056\/revisions"}],"predecessor-version":[{"id":2316,"href":"https:\/\/hotelklettur.is\/en\/wp-json\/wp\/v2\/posts\/2056\/revisions\/2316"}],"wp:featuredmedia":[{"embeddable":true,"href":"https:\/\/hotelklettur.is\/en\/wp-json\/wp\/v2\/media\/2051"}],"wp:attachment":[{"href":"https:\/\/hotelklettur.is\/en\/wp-json\/wp\/v2\/media?parent=2056"}],"wp:term":[{"taxonomy":"category","embeddable":true,"href":"https:\/\/hotelklettur.is\/en\/wp-json\/wp\/v2\/categories?post=2056"},{"taxonomy":"post_tag","embeddable":true,"href":"https:\/\/hotelklettur.is\/en\/wp-json\/wp\/v2\/tags?post=2056"}],"curies":[{"name":"wp","href":"https:\/\/api.w.org\/{rel}","templated":true}]}}