{"id":2256,"date":"2019-11-08T10:06:18","date_gmt":"2019-11-08T10:06:18","guid":{"rendered":"https:\/\/hotelklettur.is\/hotel-klettur-a-lista-yfir-framurskarandi-fyrirtaekja\/"},"modified":"2020-01-15T10:29:01","modified_gmt":"2020-01-15T10:29:01","slug":"hotel-klettur-a-lista-yfir-framurskarandi-fyrirtaekja","status":"publish","type":"post","link":"https:\/\/hotelklettur.is\/en\/hotel-klettur-a-lista-yfir-framurskarandi-fyrirtaekja\/","title":{"rendered":"H\u00f3tel Klettur ehf receives recognition"},"content":{"rendered":"\n<p><gwmw class=\"ginger-module-highlighter-mistake-anim ginger-module-highlighter-mistake-type-3\" id=\"gwmw-15790841051685342861700\">Strongest<\/gwmw> in Iceland!<\/p>\n\n\n<p><!--more--><\/p>\n\n\n<p>We are very proud to announce that H\u00f3tel Klettur has been recognized as one of Iceland&#8217;s strongest companies in 2018. H\u00f3tel Klettur <gwmw class=\"ginger-module-highlighter-mistake-type-1\" id=\"gwmw-15736356762926140686306\">ehf<\/gwmw>. <gwmw class=\"ginger-module-highlighter-mistake-type-1\" id=\"gwmw-15736358017548066045524\">is<\/gwmw> therefore amongst the <gwmw class=\"ginger-module-highlighter-mistake-type-3\" id=\"gwmw-15736358017540129751190\">2 %<\/gwmw> of Icelandic companies that have met the requirements set by Creditinfo for being the Strongest in Iceland 2019. The award is based on companies&#8217; strong foundations. <\/p>\n\n\n\n<p><gwmw style=\"display:none;\"><\/p>\n\n\n\n<figure class=\"wp-block-image\"><img data-recalc-dims=\"1\" loading=\"lazy\" decoding=\"async\" width=\"558\" height=\"239\" src=\"https:\/\/i0.wp.com\/hotelklettur.is\/wp-content\/uploads\/2019\/11\/2019-en-rautt-larett.jpg?resize=558%2C239&#038;ssl=1\" alt=\"\" class=\"wp-image-2289\" srcset=\"https:\/\/i0.wp.com\/hotelklettur.is\/wp-content\/uploads\/2019\/11\/2019-en-rautt-larett.jpg?w=558&amp;ssl=1 558w, https:\/\/i0.wp.com\/hotelklettur.is\/wp-content\/uploads\/2019\/11\/2019-en-rautt-larett.jpg?resize=300%2C128&amp;ssl=1 300w\" sizes=\"auto, (max-width: 558px) 100vw, 558px\" \/><\/figure>\n","protected":false},"excerpt":{"rendered":"<p>Strongest in Iceland!<\/p>\n","protected":false},"author":3,"featured_media":2280,"comment_status":"closed","ping_status":"closed","sticky":false,"template":"","format":"standard","meta":{"_acf_changed":false,"_jetpack_memberships_contains_paid_content":false,"footnotes":""},"categories":[17],"tags":[],"class_list":["post-2256","post","type-post","status-publish","format-standard","has-post-thumbnail","hentry","category-news","gallery-content-unit"],"acf":[],"yoast_head":"<!-- This site is optimized with the Yoast SEO plugin v26.9 - https:\/\/yoast.com\/product\/yoast-seo-wordpress\/ -->\n<title>H\u00f3tel Klettur ehf receives recognition - H\u00f3tel Klettur<\/title>\n<meta name=\"robots\" content=\"index, follow, max-snippet:-1, max-image-preview:large, max-video-preview:-1\" \/>\n<link rel=\"canonical\" href=\"https:\/\/hotelklettur.is\/en\/hotel-klettur-a-lista-yfir-framurskarandi-fyrirtaekja\/\" \/>\n<meta property=\"og:locale\" content=\"en_US\" \/>\n<meta property=\"og:type\" content=\"article\" \/>\n<meta property=\"og:title\" content=\"H\u00f3tel Klettur ehf receives recognition - H\u00f3tel Klettur\" \/>\n<meta property=\"og:description\" content=\"Strongest in Iceland!\" \/>\n<meta property=\"og:url\" content=\"https:\/\/hotelklettur.is\/en\/hotel-klettur-a-lista-yfir-framurskarandi-fyrirtaekja\/\" \/>\n<meta property=\"og:site_name\" content=\"H\u00f3tel Klettur\" \/>\n<meta property=\"article:publisher\" content=\"https:\/\/www.facebook.com\/hotelcabin\" \/>\n<meta property=\"article:published_time\" content=\"2019-11-08T10:06:18+00:00\" \/>\n<meta property=\"article:modified_time\" content=\"2020-01-15T10:29:01+00:00\" \/>\n<meta property=\"og:image\" content=\"https:\/\/hotelklettur.is\/wp-content\/uploads\/2019\/11\/2019-en-hvitt-larett.jpg\" \/>\n\t<meta property=\"og:image:width\" content=\"558\" \/>\n\t<meta property=\"og:image:height\" content=\"239\" \/>\n\t<meta property=\"og:image:type\" content=\"image\/jpeg\" \/>\n<meta name=\"author\" content=\"\u00cdda M. Sm\u00e1rad\u00f3ttir\" \/>\n<meta name=\"twitter:label1\" content=\"Written by\" \/>\n\t<meta name=\"twitter:data1\" content=\"\u00cdda M. Sm\u00e1rad\u00f3ttir\" \/>\n<script type=\"application\/ld+json\" class=\"yoast-schema-graph\">{\"@context\":\"https:\/\/schema.org\",\"@graph\":[{\"@type\":\"Article\",\"@id\":\"https:\/\/hotelklettur.is\/en\/hotel-klettur-a-lista-yfir-framurskarandi-fyrirtaekja\/#article\",\"isPartOf\":{\"@id\":\"https:\/\/hotelklettur.is\/en\/hotel-klettur-a-lista-yfir-framurskarandi-fyrirtaekja\/\"},\"author\":{\"name\":\"\u00cdda M. Sm\u00e1rad\u00f3ttir\",\"@id\":\"https:\/\/hotelklettur.is\/en\/#\/schema\/person\/c543d93a94c3edff6c70f7b1f072f23a\"},\"headline\":\"H\u00f3tel Klettur ehf receives recognition\",\"datePublished\":\"2019-11-08T10:06:18+00:00\",\"dateModified\":\"2020-01-15T10:29:01+00:00\",\"mainEntityOfPage\":{\"@id\":\"https:\/\/hotelklettur.is\/en\/hotel-klettur-a-lista-yfir-framurskarandi-fyrirtaekja\/\"},\"wordCount\":63,\"publisher\":{\"@id\":\"https:\/\/hotelklettur.is\/en\/#organization\"},\"image\":{\"@id\":\"https:\/\/hotelklettur.is\/en\/hotel-klettur-a-lista-yfir-framurskarandi-fyrirtaekja\/#primaryimage\"},\"thumbnailUrl\":\"https:\/\/i0.wp.com\/hotelklettur.is\/wp-content\/uploads\/2019\/11\/2019-en-hvitt-larett.jpg?fit=558%2C239&ssl=1\",\"articleSection\":[\"News\"],\"inLanguage\":\"en-US\"},{\"@type\":\"WebPage\",\"@id\":\"https:\/\/hotelklettur.is\/en\/hotel-klettur-a-lista-yfir-framurskarandi-fyrirtaekja\/\",\"url\":\"https:\/\/hotelklettur.is\/en\/hotel-klettur-a-lista-yfir-framurskarandi-fyrirtaekja\/\",\"name\":\"H\u00f3tel Klettur ehf receives recognition - H\u00f3tel Klettur\",\"isPartOf\":{\"@id\":\"https:\/\/hotelklettur.is\/en\/#website\"},\"primaryImageOfPage\":{\"@id\":\"https:\/\/hotelklettur.is\/en\/hotel-klettur-a-lista-yfir-framurskarandi-fyrirtaekja\/#primaryimage\"},\"image\":{\"@id\":\"https:\/\/hotelklettur.is\/en\/hotel-klettur-a-lista-yfir-framurskarandi-fyrirtaekja\/#primaryimage\"},\"thumbnailUrl\":\"https:\/\/i0.wp.com\/hotelklettur.is\/wp-content\/uploads\/2019\/11\/2019-en-hvitt-larett.jpg?fit=558%2C239&ssl=1\",\"datePublished\":\"2019-11-08T10:06:18+00:00\",\"dateModified\":\"2020-01-15T10:29:01+00:00\",\"breadcrumb\":{\"@id\":\"https:\/\/hotelklettur.is\/en\/hotel-klettur-a-lista-yfir-framurskarandi-fyrirtaekja\/#breadcrumb\"},\"inLanguage\":\"en-US\",\"potentialAction\":[{\"@type\":\"ReadAction\",\"target\":[\"https:\/\/hotelklettur.is\/en\/hotel-klettur-a-lista-yfir-framurskarandi-fyrirtaekja\/\"]}]},{\"@type\":\"ImageObject\",\"inLanguage\":\"en-US\",\"@id\":\"https:\/\/hotelklettur.is\/en\/hotel-klettur-a-lista-yfir-framurskarandi-fyrirtaekja\/#primaryimage\",\"url\":\"https:\/\/i0.wp.com\/hotelklettur.is\/wp-content\/uploads\/2019\/11\/2019-en-hvitt-larett.jpg?fit=558%2C239&ssl=1\",\"contentUrl\":\"https:\/\/i0.wp.com\/hotelklettur.is\/wp-content\/uploads\/2019\/11\/2019-en-hvitt-larett.jpg?fit=558%2C239&ssl=1\",\"width\":558,\"height\":239},{\"@type\":\"BreadcrumbList\",\"@id\":\"https:\/\/hotelklettur.is\/en\/hotel-klettur-a-lista-yfir-framurskarandi-fyrirtaekja\/#breadcrumb\",\"itemListElement\":[{\"@type\":\"ListItem\",\"position\":1,\"name\":\"Home\",\"item\":\"https:\/\/hotelklettur.is\/en\/\"},{\"@type\":\"ListItem\",\"position\":2,\"name\":\"H\u00f3tel Klettur ehf receives recognition\"}]},{\"@type\":\"WebSite\",\"@id\":\"https:\/\/hotelklettur.is\/en\/#website\",\"url\":\"https:\/\/hotelklettur.is\/en\/\",\"name\":\"H\u00f3tel Klettur\",\"description\":\"offers comfortable and spacious rooms close to the city centre.\",\"publisher\":{\"@id\":\"https:\/\/hotelklettur.is\/en\/#organization\"},\"potentialAction\":[{\"@type\":\"SearchAction\",\"target\":{\"@type\":\"EntryPoint\",\"urlTemplate\":\"https:\/\/hotelklettur.is\/en\/?s={search_term_string}\"},\"query-input\":{\"@type\":\"PropertyValueSpecification\",\"valueRequired\":true,\"valueName\":\"search_term_string\"}}],\"inLanguage\":\"en-US\"},{\"@type\":\"Organization\",\"@id\":\"https:\/\/hotelklettur.is\/en\/#organization\",\"name\":\"H\u00f3tel Klettur\",\"url\":\"https:\/\/hotelklettur.is\/en\/\",\"logo\":{\"@type\":\"ImageObject\",\"inLanguage\":\"en-US\",\"@id\":\"https:\/\/hotelklettur.is\/en\/#\/schema\/logo\/image\/\",\"url\":\"https:\/\/i2.wp.com\/hotelklettur.is\/wp-content\/uploads\/2019\/04\/klettur-schema-logo.png?fit=978%2C284&ssl=1\",\"contentUrl\":\"https:\/\/i2.wp.com\/hotelklettur.is\/wp-content\/uploads\/2019\/04\/klettur-schema-logo.png?fit=978%2C284&ssl=1\",\"width\":978,\"height\":284,\"caption\":\"H\u00f3tel Klettur\"},\"image\":{\"@id\":\"https:\/\/hotelklettur.is\/en\/#\/schema\/logo\/image\/\"},\"sameAs\":[\"https:\/\/www.facebook.com\/hotelcabin\",\"https:\/\/www.instagram.com\/hotelcabin_reykjavik\/\"]},{\"@type\":\"Person\",\"@id\":\"https:\/\/hotelklettur.is\/en\/#\/schema\/person\/c543d93a94c3edff6c70f7b1f072f23a\",\"name\":\"\u00cdda M. Sm\u00e1rad\u00f3ttir\",\"image\":{\"@type\":\"ImageObject\",\"inLanguage\":\"en-US\",\"@id\":\"https:\/\/hotelklettur.is\/en\/#\/schema\/person\/image\/\",\"url\":\"https:\/\/secure.gravatar.com\/avatar\/9abf3c9a2b65979e054dab8b73f7019832aff7843d14d8c773084b9928b6837b?s=96&d=mm&r=g\",\"contentUrl\":\"https:\/\/secure.gravatar.com\/avatar\/9abf3c9a2b65979e054dab8b73f7019832aff7843d14d8c773084b9928b6837b?s=96&d=mm&r=g\",\"caption\":\"\u00cdda M. Sm\u00e1rad\u00f3ttir\"},\"url\":\"https:\/\/hotelklettur.is\/en\/author\/idamsmara\/\"}]}<\/script>\n<!-- \/ Yoast SEO plugin. -->","yoast_head_json":{"title":"H\u00f3tel Klettur ehf receives recognition - H\u00f3tel Klettur","robots":{"index":"index","follow":"follow","max-snippet":"max-snippet:-1","max-image-preview":"max-image-preview:large","max-video-preview":"max-video-preview:-1"},"canonical":"https:\/\/hotelklettur.is\/en\/hotel-klettur-a-lista-yfir-framurskarandi-fyrirtaekja\/","og_locale":"en_US","og_type":"article","og_title":"H\u00f3tel Klettur ehf receives recognition - H\u00f3tel Klettur","og_description":"Strongest in Iceland!","og_url":"https:\/\/hotelklettur.is\/en\/hotel-klettur-a-lista-yfir-framurskarandi-fyrirtaekja\/","og_site_name":"H\u00f3tel Klettur","article_publisher":"https:\/\/www.facebook.com\/hotelcabin","article_published_time":"2019-11-08T10:06:18+00:00","article_modified_time":"2020-01-15T10:29:01+00:00","og_image":[{"width":558,"height":239,"url":"https:\/\/hotelklettur.is\/wp-content\/uploads\/2019\/11\/2019-en-hvitt-larett.jpg","type":"image\/jpeg"}],"author":"\u00cdda M. Sm\u00e1rad\u00f3ttir","twitter_misc":{"Written by":"\u00cdda M. Sm\u00e1rad\u00f3ttir"},"schema":{"@context":"https:\/\/schema.org","@graph":[{"@type":"Article","@id":"https:\/\/hotelklettur.is\/en\/hotel-klettur-a-lista-yfir-framurskarandi-fyrirtaekja\/#article","isPartOf":{"@id":"https:\/\/hotelklettur.is\/en\/hotel-klettur-a-lista-yfir-framurskarandi-fyrirtaekja\/"},"author":{"name":"\u00cdda M. Sm\u00e1rad\u00f3ttir","@id":"https:\/\/hotelklettur.is\/en\/#\/schema\/person\/c543d93a94c3edff6c70f7b1f072f23a"},"headline":"H\u00f3tel Klettur ehf receives recognition","datePublished":"2019-11-08T10:06:18+00:00","dateModified":"2020-01-15T10:29:01+00:00","mainEntityOfPage":{"@id":"https:\/\/hotelklettur.is\/en\/hotel-klettur-a-lista-yfir-framurskarandi-fyrirtaekja\/"},"wordCount":63,"publisher":{"@id":"https:\/\/hotelklettur.is\/en\/#organization"},"image":{"@id":"https:\/\/hotelklettur.is\/en\/hotel-klettur-a-lista-yfir-framurskarandi-fyrirtaekja\/#primaryimage"},"thumbnailUrl":"https:\/\/i0.wp.com\/hotelklettur.is\/wp-content\/uploads\/2019\/11\/2019-en-hvitt-larett.jpg?fit=558%2C239&ssl=1","articleSection":["News"],"inLanguage":"en-US"},{"@type":"WebPage","@id":"https:\/\/hotelklettur.is\/en\/hotel-klettur-a-lista-yfir-framurskarandi-fyrirtaekja\/","url":"https:\/\/hotelklettur.is\/en\/hotel-klettur-a-lista-yfir-framurskarandi-fyrirtaekja\/","name":"H\u00f3tel Klettur ehf receives recognition - H\u00f3tel Klettur","isPartOf":{"@id":"https:\/\/hotelklettur.is\/en\/#website"},"primaryImageOfPage":{"@id":"https:\/\/hotelklettur.is\/en\/hotel-klettur-a-lista-yfir-framurskarandi-fyrirtaekja\/#primaryimage"},"image":{"@id":"https:\/\/hotelklettur.is\/en\/hotel-klettur-a-lista-yfir-framurskarandi-fyrirtaekja\/#primaryimage"},"thumbnailUrl":"https:\/\/i0.wp.com\/hotelklettur.is\/wp-content\/uploads\/2019\/11\/2019-en-hvitt-larett.jpg?fit=558%2C239&ssl=1","datePublished":"2019-11-08T10:06:18+00:00","dateModified":"2020-01-15T10:29:01+00:00","breadcrumb":{"@id":"https:\/\/hotelklettur.is\/en\/hotel-klettur-a-lista-yfir-framurskarandi-fyrirtaekja\/#breadcrumb"},"inLanguage":"en-US","potentialAction":[{"@type":"ReadAction","target":["https:\/\/hotelklettur.is\/en\/hotel-klettur-a-lista-yfir-framurskarandi-fyrirtaekja\/"]}]},{"@type":"ImageObject","inLanguage":"en-US","@id":"https:\/\/hotelklettur.is\/en\/hotel-klettur-a-lista-yfir-framurskarandi-fyrirtaekja\/#primaryimage","url":"https:\/\/i0.wp.com\/hotelklettur.is\/wp-content\/uploads\/2019\/11\/2019-en-hvitt-larett.jpg?fit=558%2C239&ssl=1","contentUrl":"https:\/\/i0.wp.com\/hotelklettur.is\/wp-content\/uploads\/2019\/11\/2019-en-hvitt-larett.jpg?fit=558%2C239&ssl=1","width":558,"height":239},{"@type":"BreadcrumbList","@id":"https:\/\/hotelklettur.is\/en\/hotel-klettur-a-lista-yfir-framurskarandi-fyrirtaekja\/#breadcrumb","itemListElement":[{"@type":"ListItem","position":1,"name":"Home","item":"https:\/\/hotelklettur.is\/en\/"},{"@type":"ListItem","position":2,"name":"H\u00f3tel Klettur ehf receives recognition"}]},{"@type":"WebSite","@id":"https:\/\/hotelklettur.is\/en\/#website","url":"https:\/\/hotelklettur.is\/en\/","name":"H\u00f3tel Klettur","description":"offers comfortable and spacious rooms close to the city centre.","publisher":{"@id":"https:\/\/hotelklettur.is\/en\/#organization"},"potentialAction":[{"@type":"SearchAction","target":{"@type":"EntryPoint","urlTemplate":"https:\/\/hotelklettur.is\/en\/?s={search_term_string}"},"query-input":{"@type":"PropertyValueSpecification","valueRequired":true,"valueName":"search_term_string"}}],"inLanguage":"en-US"},{"@type":"Organization","@id":"https:\/\/hotelklettur.is\/en\/#organization","name":"H\u00f3tel Klettur","url":"https:\/\/hotelklettur.is\/en\/","logo":{"@type":"ImageObject","inLanguage":"en-US","@id":"https:\/\/hotelklettur.is\/en\/#\/schema\/logo\/image\/","url":"https:\/\/i2.wp.com\/hotelklettur.is\/wp-content\/uploads\/2019\/04\/klettur-schema-logo.png?fit=978%2C284&ssl=1","contentUrl":"https:\/\/i2.wp.com\/hotelklettur.is\/wp-content\/uploads\/2019\/04\/klettur-schema-logo.png?fit=978%2C284&ssl=1","width":978,"height":284,"caption":"H\u00f3tel Klettur"},"image":{"@id":"https:\/\/hotelklettur.is\/en\/#\/schema\/logo\/image\/"},"sameAs":["https:\/\/www.facebook.com\/hotelcabin","https:\/\/www.instagram.com\/hotelcabin_reykjavik\/"]},{"@type":"Person","@id":"https:\/\/hotelklettur.is\/en\/#\/schema\/person\/c543d93a94c3edff6c70f7b1f072f23a","name":"\u00cdda M. Sm\u00e1rad\u00f3ttir","image":{"@type":"ImageObject","inLanguage":"en-US","@id":"https:\/\/hotelklettur.is\/en\/#\/schema\/person\/image\/","url":"https:\/\/secure.gravatar.com\/avatar\/9abf3c9a2b65979e054dab8b73f7019832aff7843d14d8c773084b9928b6837b?s=96&d=mm&r=g","contentUrl":"https:\/\/secure.gravatar.com\/avatar\/9abf3c9a2b65979e054dab8b73f7019832aff7843d14d8c773084b9928b6837b?s=96&d=mm&r=g","caption":"\u00cdda M. Sm\u00e1rad\u00f3ttir"},"url":"https:\/\/hotelklettur.is\/en\/author\/idamsmara\/"}]}},"jetpack_featured_media_url":"https:\/\/i0.wp.com\/hotelklettur.is\/wp-content\/uploads\/2019\/11\/2019-en-hvitt-larett.jpg?fit=558%2C239&ssl=1","jetpack_shortlink":"https:\/\/wp.me\/p59EW1-Ao","jetpack_sharing_enabled":true,"_links":{"self":[{"href":"https:\/\/hotelklettur.is\/en\/wp-json\/wp\/v2\/posts\/2256","targetHints":{"allow":["GET"]}}],"collection":[{"href":"https:\/\/hotelklettur.is\/en\/wp-json\/wp\/v2\/posts"}],"about":[{"href":"https:\/\/hotelklettur.is\/en\/wp-json\/wp\/v2\/types\/post"}],"author":[{"embeddable":true,"href":"https:\/\/hotelklettur.is\/en\/wp-json\/wp\/v2\/users\/3"}],"replies":[{"embeddable":true,"href":"https:\/\/hotelklettur.is\/en\/wp-json\/wp\/v2\/comments?post=2256"}],"version-history":[{"count":5,"href":"https:\/\/hotelklettur.is\/en\/wp-json\/wp\/v2\/posts\/2256\/revisions"}],"predecessor-version":[{"id":2421,"href":"https:\/\/hotelklettur.is\/en\/wp-json\/wp\/v2\/posts\/2256\/revisions\/2421"}],"wp:featuredmedia":[{"embeddable":true,"href":"https:\/\/hotelklettur.is\/en\/wp-json\/wp\/v2\/media\/2280"}],"wp:attachment":[{"href":"https:\/\/hotelklettur.is\/en\/wp-json\/wp\/v2\/media?parent=2256"}],"wp:term":[{"taxonomy":"category","embeddable":true,"href":"https:\/\/hotelklettur.is\/en\/wp-json\/wp\/v2\/categories?post=2256"},{"taxonomy":"post_tag","embeddable":true,"href":"https:\/\/hotelklettur.is\/en\/wp-json\/wp\/v2\/tags?post=2256"}],"curies":[{"name":"wp","href":"https:\/\/api.w.org\/{rel}","templated":true}]}}